{"id":3150,"date":"2021-10-13T12:39:36","date_gmt":"2021-10-13T10:39:36","guid":{"rendered":"https:\/\/dislegi.eus\/dia-internacional-dislexia\/"},"modified":"2022-06-20T11:25:16","modified_gmt":"2022-06-20T09:25:16","slug":"dia-internacional-dislexia","status":"publish","type":"post","link":"https:\/\/dislegi.eus\/eu\/dia-internacional-dislexia\/","title":{"rendered":"D\u00eda internacional de la dislexia en el Diario Vasco"},"content":{"rendered":"\n<h2 class=\"wp-block-heading\" id=\"en-la-escuela-confundia-letras-y-no-lo-entendia\">\u00abEn la escuela confund\u00eda letras y no lo entend\u00eda\u00bb<\/h2>\n\n\n\n<h3 class=\"wp-block-heading\" id=\"dia-de-la-dislexia\">D\u00cdA DE LA DISLEXIA<\/h3>\n\n\n\n<h4 class=\"wp-block-heading\" id=\"nora-benegas-recuerda-la-frustracion-en-el-colegio-a-pesar-de-su-esfuerzo-tenia-trastorno-del-aprendizaje-y-no-lo-sabia-hoy-estudia-un-grado-en-enfermeria\">Nora Benegas recuerda la \u00abfrustraci\u00f3n\u00bb en el colegio a pesar de su esfuerzo. Ten\u00eda trastorno del aprendizaje y no lo sab\u00eda. Hoy estudia un Grado en Enfermer\u00eda<\/h4>\n\n\n\n<p>Leer todo el art\u00edculo en el Diario Vasco :&nbsp;<a href=\"https:\/\/www.diariovasco.com\/gipuzkoa\/escuela-confundia-letras-20211008194155-nt.html\" target=\"_blank\" rel=\"noreferrer noopener\">https:\/\/www.diariovasco.com\/gipuzkoa\/escuela-confundia-letras-20211008194155-nt.html<\/a><\/p>\n","protected":false},"excerpt":{"rendered":"<p>\u00abEn la escuela confund\u00eda letras y no lo entend\u00eda\u00bb D\u00cdA DE LA DISLEXIA Nora Benegas recuerda la \u00abfrustraci\u00f3n\u00bb en el colegio a pesar de su esfuerzo. Ten\u00eda trastorno del aprendizaje y no lo sab\u00eda. Hoy estudia un Grado en Enfermer\u00eda Leer todo el art\u00edculo en el Diario Vasco :&nbsp;https:\/\/www.diariovasco.com\/gipuzkoa\/escuela-confundia-letras-20211008194155-nt.html<\/p>\n","protected":false},"author":2,"featured_media":3116,"comment_status":"open","ping_status":"closed","sticky":false,"template":"","format":"standard","meta":{"footnotes":""},"categories":[20],"tags":[],"class_list":["post-3150","post","type-post","status-publish","format-standard","has-post-thumbnail","hentry","category-uncategorized-eu"],"_links":{"self":[{"href":"https:\/\/dislegi.eus\/eu\/wp-json\/wp\/v2\/posts\/3150","targetHints":{"allow":["GET"]}}],"collection":[{"href":"https:\/\/dislegi.eus\/eu\/wp-json\/wp\/v2\/posts"}],"about":[{"href":"https:\/\/dislegi.eus\/eu\/wp-json\/wp\/v2\/types\/post"}],"author":[{"embeddable":true,"href":"https:\/\/dislegi.eus\/eu\/wp-json\/wp\/v2\/users\/2"}],"replies":[{"embeddable":true,"href":"https:\/\/dislegi.eus\/eu\/wp-json\/wp\/v2\/comments?post=3150"}],"version-history":[{"count":1,"href":"https:\/\/dislegi.eus\/eu\/wp-json\/wp\/v2\/posts\/3150\/revisions"}],"predecessor-version":[{"id":3153,"href":"https:\/\/dislegi.eus\/eu\/wp-json\/wp\/v2\/posts\/3150\/revisions\/3153"}],"wp:featuredmedia":[{"embeddable":true,"href":"https:\/\/dislegi.eus\/eu\/wp-json\/wp\/v2\/media\/3116"}],"wp:attachment":[{"href":"https:\/\/dislegi.eus\/eu\/wp-json\/wp\/v2\/media?parent=3150"}],"wp:term":[{"taxonomy":"category","embeddable":true,"href":"https:\/\/dislegi.eus\/eu\/wp-json\/wp\/v2\/categories?post=3150"},{"taxonomy":"post_tag","embeddable":true,"href":"https:\/\/dislegi.eus\/eu\/wp-json\/wp\/v2\/tags?post=3150"}],"curies":[{"name":"wp","href":"https:\/\/api.w.org\/{rel}","templated":true}]}}